{"id":29878,"date":"2023-08-31T20:04:48","date_gmt":"2023-08-31T18:04:48","guid":{"rendered":"https:\/\/www.roemen.lu\/wp?p=29878"},"modified":"2023-08-31T20:04:48","modified_gmt":"2023-08-31T18:04:48","slug":"plateau-ridelles-avec-hayon-2","status":"publish","type":"post","link":"https:\/\/www.roemen.lu\/wp?p=29878&lang=fr","title":{"rendered":"Plateau ridelles avec hayon"},"content":{"rendered":"<p><strong>Date:<\/strong> 31. ao\u00fbt 2023<br \/>\n<strong>Client:  <\/strong><a href=\"https:\/\/www.roemen.lu\/wp\/?tag=administration-des-ponts-et-chaussees\">Administration des Ponts et Chauss\u00e9es<\/a><br \/>\n<strong>Ch\u00e2ssis: <\/strong>Mercedes-Benz Sprinter<br \/>\n<strong>D\u00e9tails:<\/strong><\/p>\n<ul>\n<li>Plateau en acier<\/li>\n<li>Ridelles aluminium<\/li>\n<li>Plancher en contreplaqu\u00e9<\/li>\n<li>Hayon \u00e9l\u00e9vateur sp\u00e9ciale<\/li>\n<\/ul>\nngg_shortcode_0_placeholder\n","protected":false},"excerpt":{"rendered":"<p>Date: 31. ao\u00fbt 2023 Client: Administration des Ponts et Chauss\u00e9es Ch\u00e2ssis: Mercedes-Benz Sprinter D\u00e9tails: Plateau en acier Ridelles aluminium Plancher en contreplaqu\u00e9 Hayon \u00e9l\u00e9vateur sp\u00e9ciale<\/p>\n","protected":false},"author":2,"featured_media":27199,"comment_status":"closed","ping_status":"closed","sticky":false,"template":"","format":"standard","meta":{"ngg_post_thumbnail":0,"fifu_image_url":"","fifu_image_alt":"","footnotes":""},"categories":[4,762,770,32,72,852,782,58],"tags":[],"class_list":["post-29878","post","type-post","status-publish","format-standard","has-post-thumbnail","hentry","category-hayon","category-hayon-elevateur","category-mercedes-benz-2","category-mercedes-benz","category-sprinter","category-mercedes-benz-sprinter","category-plateau-bache-2","category-plateau-bache"],"acf":[],"_links":{"self":[{"href":"https:\/\/www.roemen.lu\/wp\/index.php?rest_route=\/wp\/v2\/posts\/29878","targetHints":{"allow":["GET"]}}],"collection":[{"href":"https:\/\/www.roemen.lu\/wp\/index.php?rest_route=\/wp\/v2\/posts"}],"about":[{"href":"https:\/\/www.roemen.lu\/wp\/index.php?rest_route=\/wp\/v2\/types\/post"}],"author":[{"embeddable":true,"href":"https:\/\/www.roemen.lu\/wp\/index.php?rest_route=\/wp\/v2\/users\/2"}],"replies":[{"embeddable":true,"href":"https:\/\/www.roemen.lu\/wp\/index.php?rest_route=%2Fwp%2Fv2%2Fcomments&post=29878"}],"version-history":[{"count":0,"href":"https:\/\/www.roemen.lu\/wp\/index.php?rest_route=\/wp\/v2\/posts\/29878\/revisions"}],"wp:featuredmedia":[{"embeddable":true,"href":"https:\/\/www.roemen.lu\/wp\/index.php?rest_route=\/wp\/v2\/media\/27199"}],"wp:attachment":[{"href":"https:\/\/www.roemen.lu\/wp\/index.php?rest_route=%2Fwp%2Fv2%2Fmedia&parent=29878"}],"wp:term":[{"taxonomy":"category","embeddable":true,"href":"https:\/\/www.roemen.lu\/wp\/index.php?rest_route=%2Fwp%2Fv2%2Fcategories&post=29878"},{"taxonomy":"post_tag","embeddable":true,"href":"https:\/\/www.roemen.lu\/wp\/index.php?rest_route=%2Fwp%2Fv2%2Ftags&post=29878"}],"curies":[{"name":"wp","href":"https:\/\/api.w.org\/{rel}","templated":true}]}}