{"id":29540,"date":"2021-02-26T23:45:34","date_gmt":"2021-02-26T21:45:34","guid":{"rendered":"https:\/\/www.roemen.lu\/wp?p=29540"},"modified":"2021-02-26T23:45:34","modified_gmt":"2021-02-26T21:45:34","slug":"tribenne-acier-avec-ridelles-acier-12","status":"publish","type":"post","link":"https:\/\/www.roemen.lu\/wp?p=29540&lang=fr","title":{"rendered":"Tribenne acier avec ridelles acier"},"content":{"rendered":"<p><strong>Date:<\/strong> 26. f\u00e9vrier 2021<br \/>\n<strong>Client: <\/strong><a href=\"https:\/\/www.roemen.lu\/wp\/?tag=administration-des-ponts-et-chaussees\">Administration des Ponts et Chauss\u00e9es<\/a><br \/>\n<strong>Ch\u00e2ssis: <\/strong>Volvo FM<br \/>\n<strong>D\u00e9tails:<\/strong><\/p>\n<ul>\n<li>Tribenne acier avec ridelles acier<\/li>\n<li>Plancher t\u00f4le acier<\/li>\n<li>Prot\u00e8ge-cabine<\/li>\n<li>Crochets pour b\u00e2che<\/li>\n<li>Caisse \u00e0 outils PVC<\/li>\n<li>Porte universelle avec fermeture automatique<\/li>\n<li>Porte lat\u00e9rale hydraulique c\u00f4t\u00e9 chauffeur<\/li>\n<li>Syst\u00e8me hivernal<\/li>\n<\/ul>\nngg_shortcode_0_placeholder\n","protected":false},"excerpt":{"rendered":"<p><strong>Date:<\/strong> 26. f\u00e9vrier 2021<br \/>\n<strong>Client: <\/strong>Administration des Ponts et Chauss\u00e9es<br \/>\n<strong>Ch\u00e2ssis: <\/strong>Volvo FM<br \/>\n<strong>Benne: KH-Kipper W3H<\/strong><\/p>\n","protected":false},"author":2,"featured_media":26589,"comment_status":"closed","ping_status":"closed","sticky":false,"template":"","format":"standard","meta":{"ngg_post_thumbnail":0,"fifu_image_url":"","fifu_image_alt":"","footnotes":""},"categories":[73,801,74,915,769,87,500,926],"tags":[],"class_list":["post-29540","post","type-post","status-publish","format-standard","has-post-thumbnail","hentry","category-benne","category-benne-basculante","category-tribenne","category-tribenne-2","category-volvo-2","category-volvo","category-volvo-fm","category-volvo-fm-2"],"acf":[],"_links":{"self":[{"href":"https:\/\/www.roemen.lu\/wp\/index.php?rest_route=\/wp\/v2\/posts\/29540","targetHints":{"allow":["GET"]}}],"collection":[{"href":"https:\/\/www.roemen.lu\/wp\/index.php?rest_route=\/wp\/v2\/posts"}],"about":[{"href":"https:\/\/www.roemen.lu\/wp\/index.php?rest_route=\/wp\/v2\/types\/post"}],"author":[{"embeddable":true,"href":"https:\/\/www.roemen.lu\/wp\/index.php?rest_route=\/wp\/v2\/users\/2"}],"replies":[{"embeddable":true,"href":"https:\/\/www.roemen.lu\/wp\/index.php?rest_route=%2Fwp%2Fv2%2Fcomments&post=29540"}],"version-history":[{"count":0,"href":"https:\/\/www.roemen.lu\/wp\/index.php?rest_route=\/wp\/v2\/posts\/29540\/revisions"}],"wp:featuredmedia":[{"embeddable":true,"href":"https:\/\/www.roemen.lu\/wp\/index.php?rest_route=\/wp\/v2\/media\/26589"}],"wp:attachment":[{"href":"https:\/\/www.roemen.lu\/wp\/index.php?rest_route=%2Fwp%2Fv2%2Fmedia&parent=29540"}],"wp:term":[{"taxonomy":"category","embeddable":true,"href":"https:\/\/www.roemen.lu\/wp\/index.php?rest_route=%2Fwp%2Fv2%2Fcategories&post=29540"},{"taxonomy":"post_tag","embeddable":true,"href":"https:\/\/www.roemen.lu\/wp\/index.php?rest_route=%2Fwp%2Fv2%2Ftags&post=29540"}],"curies":[{"name":"wp","href":"https:\/\/api.w.org\/{rel}","templated":true}]}}