{"id":28444,"date":"2014-12-05T15:22:18","date_gmt":"2014-12-05T13:22:18","guid":{"rendered":"https:\/\/www.roemen.lu\/wp?p=28444"},"modified":"2014-12-05T15:22:18","modified_gmt":"2014-12-05T13:22:18","slug":"plateau-ridelles-avec-hayon-elevateur-2","status":"publish","type":"post","link":"https:\/\/www.roemen.lu\/wp?p=28444&lang=fr","title":{"rendered":"Plateau ridelles avec hayon-\u00e9l\u00e9vateur"},"content":{"rendered":"<p><strong>Date:<\/strong> 05. decembre 2014<br \/>\n<strong>Client: <\/strong><a href=\"https:\/\/www.roemen.lu\/wp\/?tag=feidert&#038;cie-sa\">Feidert &#038; Cie SA<\/a><br \/>\n<strong>Ch\u00e2ssis: <\/strong>MAN TGL<br \/>\n<strong>D\u00e9tails:<\/strong><\/p>\n<ul>\n<li><strong>Plateau ridelles<\/strong><\/li>\n<li>Barres aluminium<\/li>\n<li>Ridelles lat\u00e9rales<\/li>\n<li><strong>Hayon-\u00e9l\u00e9vateur Dhollandia DH-LMA<\/strong><\/li>\n<li>Plateau en acier<\/li>\n<li>2 v\u00e9rins de levage et 2 v\u00e9rins d\u2019inclinaison<\/li>\n<li>Tiges de v\u00e9rin en acier inoxydable chrom\u00e9es<\/li>\n<li>Commande ext\u00e9rieure dans un bo\u00eetier en PVC<\/li>\n<li>Commande \u00e0 distance avec c\u00e2ble spiral\u00e9<\/li>\n<li>Balance avec imprimante<\/li>\n<\/ul>\nngg_shortcode_0_placeholder\n","protected":false},"excerpt":{"rendered":"<p><strong>Date:<\/strong> 05. decembre 2014<br \/>\n<strong>Client: <\/strong>Feidert &#038; Cie SA<br \/>\n<strong>Ch\u00e2ssis: <\/strong>MAN TGL<\/p>\n","protected":false},"author":2,"featured_media":25699,"comment_status":"closed","ping_status":"closed","sticky":false,"template":"","format":"standard","meta":{"ngg_post_thumbnail":0,"fifu_image_url":"","fifu_image_alt":"","footnotes":""},"categories":[48,822,4,762,771,20,108,844,12,802],"tags":[],"class_list":["post-28444","post","type-post","status-publish","format-standard","has-post-thumbnail","hentry","category-dh-lma","category-dhollandia-dh-lma","category-hayon","category-hayon-elevateur","category-man-2","category-man","category-tgl","category-man-tgl","category-plateau-ridelles","category-plateau-ridelles-2"],"acf":[],"_links":{"self":[{"href":"https:\/\/www.roemen.lu\/wp\/index.php?rest_route=\/wp\/v2\/posts\/28444","targetHints":{"allow":["GET"]}}],"collection":[{"href":"https:\/\/www.roemen.lu\/wp\/index.php?rest_route=\/wp\/v2\/posts"}],"about":[{"href":"https:\/\/www.roemen.lu\/wp\/index.php?rest_route=\/wp\/v2\/types\/post"}],"author":[{"embeddable":true,"href":"https:\/\/www.roemen.lu\/wp\/index.php?rest_route=\/wp\/v2\/users\/2"}],"replies":[{"embeddable":true,"href":"https:\/\/www.roemen.lu\/wp\/index.php?rest_route=%2Fwp%2Fv2%2Fcomments&post=28444"}],"version-history":[{"count":0,"href":"https:\/\/www.roemen.lu\/wp\/index.php?rest_route=\/wp\/v2\/posts\/28444\/revisions"}],"wp:featuredmedia":[{"embeddable":true,"href":"https:\/\/www.roemen.lu\/wp\/index.php?rest_route=\/wp\/v2\/media\/25699"}],"wp:attachment":[{"href":"https:\/\/www.roemen.lu\/wp\/index.php?rest_route=%2Fwp%2Fv2%2Fmedia&parent=28444"}],"wp:term":[{"taxonomy":"category","embeddable":true,"href":"https:\/\/www.roemen.lu\/wp\/index.php?rest_route=%2Fwp%2Fv2%2Fcategories&post=28444"},{"taxonomy":"post_tag","embeddable":true,"href":"https:\/\/www.roemen.lu\/wp\/index.php?rest_route=%2Fwp%2Fv2%2Ftags&post=28444"}],"curies":[{"name":"wp","href":"https:\/\/api.w.org\/{rel}","templated":true}]}}