{"id":28430,"date":"2014-10-31T08:23:30","date_gmt":"2014-10-31T06:23:30","guid":{"rendered":"https:\/\/www.roemen.lu\/wp?p=28430"},"modified":"2014-10-31T08:23:30","modified_gmt":"2014-10-31T06:23:30","slug":"conteneur-avec-coffre-plywood-2","status":"publish","type":"post","link":"https:\/\/www.roemen.lu\/wp?p=28430&lang=fr","title":{"rendered":"Conteneur avec coffre plywood"},"content":{"rendered":"<p><strong>Date:<\/strong> 31. octobre 2014<br \/>\n<strong>Client: <\/strong><a href=\"https:\/\/www.roemen.lu\/wp\/?tag=administration-communale-de-sanem\">Administration Communale de Sanem<\/a><br \/>\n<strong>D\u00e9tails:<\/strong><\/p>\n<ul>\n<li><strong>Conteneur avec coffre Plywood<\/strong><\/li>\n<li>Plafonniers LED<\/li>\n<li>Rails d\u2019arrimage lat\u00e9rales<\/li>\n<li><strong>Hayon-\u00e9l\u00e9vateur verticale Dhollandia DH-VBC<\/strong><\/li>\n<li>Batteries dans coffre sur face avant<\/li>\n<li>Commande \u00e0 c\u00e2ble spiral\u00e9 et encastr\u00e9 dans paroi lat\u00e9rale<\/li>\n<\/ul>\nngg_shortcode_0_placeholder\n","protected":false},"excerpt":{"rendered":"<p><strong>Date:<\/strong> 31. octobre 2014<br \/>\n<strong>Client: <\/strong>Administration Communale de Sanem<br \/>\n<strong>Hayon-\u00e9l\u00e9vateur verticale: Dhollandia DH-VBC<\/strong><\/p>\n","protected":false},"author":2,"featured_media":25691,"comment_status":"closed","ping_status":"closed","sticky":false,"template":"","format":"standard","meta":{"ngg_post_thumbnail":0,"fifu_image_url":"","fifu_image_alt":"","footnotes":""},"categories":[784,9,815,89,237,829,4,762],"tags":[],"class_list":["post-28430","post","type-post","status-publish","format-standard","has-post-thumbnail","hentry","category-carrosserie-fourgon","category-carrosserie-fourgon-aluminium","category-coffre-typ-plywood","category-plywood","category-dh-vbc","category-dhollandia-dh-vbc","category-hayon","category-hayon-elevateur"],"acf":[],"_links":{"self":[{"href":"https:\/\/www.roemen.lu\/wp\/index.php?rest_route=\/wp\/v2\/posts\/28430","targetHints":{"allow":["GET"]}}],"collection":[{"href":"https:\/\/www.roemen.lu\/wp\/index.php?rest_route=\/wp\/v2\/posts"}],"about":[{"href":"https:\/\/www.roemen.lu\/wp\/index.php?rest_route=\/wp\/v2\/types\/post"}],"author":[{"embeddable":true,"href":"https:\/\/www.roemen.lu\/wp\/index.php?rest_route=\/wp\/v2\/users\/2"}],"replies":[{"embeddable":true,"href":"https:\/\/www.roemen.lu\/wp\/index.php?rest_route=%2Fwp%2Fv2%2Fcomments&post=28430"}],"version-history":[{"count":0,"href":"https:\/\/www.roemen.lu\/wp\/index.php?rest_route=\/wp\/v2\/posts\/28430\/revisions"}],"wp:featuredmedia":[{"embeddable":true,"href":"https:\/\/www.roemen.lu\/wp\/index.php?rest_route=\/wp\/v2\/media\/25691"}],"wp:attachment":[{"href":"https:\/\/www.roemen.lu\/wp\/index.php?rest_route=%2Fwp%2Fv2%2Fmedia&parent=28430"}],"wp:term":[{"taxonomy":"category","embeddable":true,"href":"https:\/\/www.roemen.lu\/wp\/index.php?rest_route=%2Fwp%2Fv2%2Fcategories&post=28430"},{"taxonomy":"post_tag","embeddable":true,"href":"https:\/\/www.roemen.lu\/wp\/index.php?rest_route=%2Fwp%2Fv2%2Ftags&post=28430"}],"curies":[{"name":"wp","href":"https:\/\/api.w.org\/{rel}","templated":true}]}}