{"id":27550,"date":"2010-04-27T20:14:19","date_gmt":"2010-04-27T18:14:19","guid":{"rendered":"https:\/\/www.roemen.lu\/wp?p=27550"},"modified":"2010-04-27T20:14:19","modified_gmt":"2010-04-27T18:14:19","slug":"amenagement-interieur-et-hayon-elevateur","status":"publish","type":"post","link":"https:\/\/www.roemen.lu\/wp?p=27550&lang=fr","title":{"rendered":"Am\u00e9nagement int\u00e9rieur et hayon-\u00e9l\u00e9vateur"},"content":{"rendered":"<p><strong>Date:<\/strong> 27. avril 2010<br \/>\n<strong>Client: <\/strong>Forum pour l&#8217;Emploi Asbl<br \/>\n<strong>Ch\u00e2ssis: <\/strong>Mercedes-Benz Sprinter<br \/>\n<strong>D\u00e9tails:<\/strong><\/p>\n<ul>\n<li>Rails d&#8217;arrimages universelle<\/li>\n<li>Socle de protection<\/li>\n<li>Am\u00e9nagement des parois avec contreplaqu\u00e9<\/li>\n<li>Recouvrement du plancher avec K\u00f6rapur<\/li>\n<li><strong>Hayon-\u00e9l\u00e9vateur Dhollandia DH-LSP<\/strong><\/li>\n<li>Plateau aluminium pliable verticalement<\/li>\n<li>Commande ext\u00e9rieure encastr\u00e9e dans paroi lat\u00e9rale<\/li>\n<li>Commande 2 boutons c\u00e2ble spiral\u00e9<\/li>\n<li>Commande aux pieds<\/li>\n<li>Container RollStop<\/li>\n<\/ul>\nngg_shortcode_0_placeholder\n","protected":false},"excerpt":{"rendered":"<p><strong>Date:<\/strong> 27. avril 2010<br \/>\n<strong>Client: <\/strong>Forum pour l&#8217;Emploi Asbl<br \/>\n<strong>Ch\u00e2ssis: <\/strong>Mercedes-Benz Sprinter<br \/>\n<strong>D\u00e9tails: Hayon-\u00e9l\u00e9vateur Dhollandia DH-LSP<\/strong><\/p>\n","protected":false},"author":2,"featured_media":26711,"comment_status":"closed","ping_status":"closed","sticky":false,"template":"","format":"standard","meta":{"ngg_post_thumbnail":0,"fifu_image_url":"","fifu_image_alt":"","footnotes":""},"categories":[807,82,32,770,852,72],"tags":[],"class_list":["post-27550","post","type-post","status-publish","format-standard","has-post-thumbnail","hentry","category-amenagements","category-amenagement","category-mercedes-benz","category-mercedes-benz-2","category-mercedes-benz-sprinter","category-sprinter"],"acf":[],"_links":{"self":[{"href":"https:\/\/www.roemen.lu\/wp\/index.php?rest_route=\/wp\/v2\/posts\/27550","targetHints":{"allow":["GET"]}}],"collection":[{"href":"https:\/\/www.roemen.lu\/wp\/index.php?rest_route=\/wp\/v2\/posts"}],"about":[{"href":"https:\/\/www.roemen.lu\/wp\/index.php?rest_route=\/wp\/v2\/types\/post"}],"author":[{"embeddable":true,"href":"https:\/\/www.roemen.lu\/wp\/index.php?rest_route=\/wp\/v2\/users\/2"}],"replies":[{"embeddable":true,"href":"https:\/\/www.roemen.lu\/wp\/index.php?rest_route=%2Fwp%2Fv2%2Fcomments&post=27550"}],"version-history":[{"count":0,"href":"https:\/\/www.roemen.lu\/wp\/index.php?rest_route=\/wp\/v2\/posts\/27550\/revisions"}],"wp:featuredmedia":[{"embeddable":true,"href":"https:\/\/www.roemen.lu\/wp\/index.php?rest_route=\/wp\/v2\/media\/26711"}],"wp:attachment":[{"href":"https:\/\/www.roemen.lu\/wp\/index.php?rest_route=%2Fwp%2Fv2%2Fmedia&parent=27550"}],"wp:term":[{"taxonomy":"category","embeddable":true,"href":"https:\/\/www.roemen.lu\/wp\/index.php?rest_route=%2Fwp%2Fv2%2Fcategories&post=27550"},{"taxonomy":"post_tag","embeddable":true,"href":"https:\/\/www.roemen.lu\/wp\/index.php?rest_route=%2Fwp%2Fv2%2Ftags&post=27550"}],"curies":[{"name":"wp","href":"https:\/\/api.w.org\/{rel}","templated":true}]}}