{"id":27516,"date":"2009-11-17T19:24:58","date_gmt":"2009-11-17T17:24:58","guid":{"rendered":"https:\/\/www.roemen.lu\/wp?p=27516"},"modified":"2009-11-17T19:24:58","modified_gmt":"2009-11-17T17:24:58","slug":"tribenne-acier-avec-ridelles-acier-2","status":"publish","type":"post","link":"https:\/\/www.roemen.lu\/wp?p=27516&lang=fr","title":{"rendered":"Tribenne acier avec ridelles acier"},"content":{"rendered":"<p><strong>Date:<\/strong> 17. novembre 2009<br \/>\n<strong>Client: <\/strong><a href=\"https:\/\/www.roemen.lu\/wp\/?tag=administration-des-services-techniques-de-l'agriculture \">Administration des Services Techniques de l&#8217;Agriculture <\/a><br \/>\n<strong>Ch\u00e2ssis: <\/strong>Volvo LM<br \/>\n<strong>D\u00e9tails:<\/strong><\/p>\n<ul>\n<li>Tribenne acier avec ridelles acier<\/li>\n<li>Plancher en t\u00f4le acier<\/li>\n<li>Prot\u00e8ge-cabine<\/li>\n<li>Crochets pour b\u00e2che<\/li>\n<li>Caisse \u00e0 outils PVC<\/li>\n<li>Porte universelle avec fermeture automatique<\/li>\n<li>Porte lat\u00e9rale hydraulique c\u00f4t\u00e9 chauffeur<\/li>\n<li>Syst\u00e8me hivernal<\/li>\n<\/ul>\nngg_shortcode_0_placeholder\n","protected":false},"excerpt":{"rendered":"<p><strong>Date:<\/strong> 17. novembre 2009<br \/>\n<strong>Client: <\/strong>Administration des Services Techniques de l&#8217;Agriculture<br \/>\n<strong>Ch\u00e2ssis: <\/strong>Volvo LM<\/p>\n","protected":false},"author":2,"featured_media":26690,"comment_status":"closed","ping_status":"closed","sticky":false,"template":"","format":"standard","meta":{"ngg_post_thumbnail":0,"fifu_image_url":"","fifu_image_alt":"","footnotes":""},"categories":[73,801,74,915,769,87,500,926],"tags":[],"class_list":["post-27516","post","type-post","status-publish","format-standard","has-post-thumbnail","hentry","category-benne","category-benne-basculante","category-tribenne","category-tribenne-2","category-volvo-2","category-volvo","category-volvo-fm","category-volvo-fm-2"],"acf":[],"_links":{"self":[{"href":"https:\/\/www.roemen.lu\/wp\/index.php?rest_route=\/wp\/v2\/posts\/27516","targetHints":{"allow":["GET"]}}],"collection":[{"href":"https:\/\/www.roemen.lu\/wp\/index.php?rest_route=\/wp\/v2\/posts"}],"about":[{"href":"https:\/\/www.roemen.lu\/wp\/index.php?rest_route=\/wp\/v2\/types\/post"}],"author":[{"embeddable":true,"href":"https:\/\/www.roemen.lu\/wp\/index.php?rest_route=\/wp\/v2\/users\/2"}],"replies":[{"embeddable":true,"href":"https:\/\/www.roemen.lu\/wp\/index.php?rest_route=%2Fwp%2Fv2%2Fcomments&post=27516"}],"version-history":[{"count":0,"href":"https:\/\/www.roemen.lu\/wp\/index.php?rest_route=\/wp\/v2\/posts\/27516\/revisions"}],"wp:featuredmedia":[{"embeddable":true,"href":"https:\/\/www.roemen.lu\/wp\/index.php?rest_route=\/wp\/v2\/media\/26690"}],"wp:attachment":[{"href":"https:\/\/www.roemen.lu\/wp\/index.php?rest_route=%2Fwp%2Fv2%2Fmedia&parent=27516"}],"wp:term":[{"taxonomy":"category","embeddable":true,"href":"https:\/\/www.roemen.lu\/wp\/index.php?rest_route=%2Fwp%2Fv2%2Fcategories&post=27516"},{"taxonomy":"post_tag","embeddable":true,"href":"https:\/\/www.roemen.lu\/wp\/index.php?rest_route=%2Fwp%2Fv2%2Ftags&post=27516"}],"curies":[{"name":"wp","href":"https:\/\/api.w.org\/{rel}","templated":true}]}}