{"id":27472,"date":"2008-11-24T18:08:16","date_gmt":"2008-11-24T16:08:16","guid":{"rendered":"https:\/\/www.roemen.lu\/wp?p=27472"},"modified":"2008-11-24T18:08:16","modified_gmt":"2008-11-24T16:08:16","slug":"plateaux-ridelles-acier-avec-hayon-elevateur-4","status":"publish","type":"post","link":"https:\/\/www.roemen.lu\/wp?p=27472&lang=fr","title":{"rendered":"Plateaux ridelles acier avec hayon \u00e9levateur"},"content":{"rendered":"<p><strong>Date:<\/strong> 24 novembre 2008<br \/>\n<strong>Client: <\/strong><a href=\"https:\/\/www.roemen.lu\/wp\/?tag=administration-des-ponts-et-chaussees\">Administration des Ponts et Chauss\u00e9es<\/a><br \/>\n<strong>Ch\u00e2ssis: <\/strong>Mercedes-Benz Vario<br \/>\n<strong>D\u00e9tails:<\/strong><\/p>\n<ul>\n<li>Plateau en acier avec ridelles en aluminium<\/li>\n<li>Plancher contreplaqu\u00e9 avec points d&#8217;ancrage<\/li>\n<li>Lattes en aluminium sur deux hauteurs<\/li>\n<li>Gyrophares \u00e0 l&#8217;arri\u00e8re<\/li>\n<li>Interrupteur pour sonnette dans cabine<\/li>\n<li>Poign\u00e9e \u00e0 l&#8217;arri\u00e8re<\/li>\n<li><strong>Hayon-\u00e9l\u00e9vateur Dhollandia DH-LMA<\/strong><\/li>\n<li>Capacit\u00e9 de levage: 750kg<\/li>\n<li>Balustrade rabattable<\/li>\n<\/ul>\nngg_shortcode_0_placeholder\n","protected":false},"excerpt":{"rendered":"<p><strong>Date:<\/strong> 24 novembre 2008<br \/>\n<strong>Client: <\/strong>Administration des Ponts et Chauss\u00e9es<br \/>\n<strong>Ch\u00e2ssis: <\/strong>Mercedes-Benz Vario<\/p>\n","protected":false},"author":2,"featured_media":26675,"comment_status":"closed","ping_status":"closed","sticky":false,"template":"","format":"standard","meta":{"ngg_post_thumbnail":0,"fifu_image_url":"","fifu_image_alt":"","footnotes":""},"categories":[46,828,4,762,770,32,266,788,802,12],"tags":[],"class_list":["post-27472","post","type-post","status-publish","format-standard","has-post-thumbnail","hentry","category-dh-sm","category-dhollandia-dh-sm","category-hayon","category-hayon-elevateur","category-mercedes-benz-2","category-mercedes-benz","category-vario","category-mercedes-benz-vario","category-plateau-ridelles-2","category-plateau-ridelles"],"acf":[],"_links":{"self":[{"href":"https:\/\/www.roemen.lu\/wp\/index.php?rest_route=\/wp\/v2\/posts\/27472","targetHints":{"allow":["GET"]}}],"collection":[{"href":"https:\/\/www.roemen.lu\/wp\/index.php?rest_route=\/wp\/v2\/posts"}],"about":[{"href":"https:\/\/www.roemen.lu\/wp\/index.php?rest_route=\/wp\/v2\/types\/post"}],"author":[{"embeddable":true,"href":"https:\/\/www.roemen.lu\/wp\/index.php?rest_route=\/wp\/v2\/users\/2"}],"replies":[{"embeddable":true,"href":"https:\/\/www.roemen.lu\/wp\/index.php?rest_route=%2Fwp%2Fv2%2Fcomments&post=27472"}],"version-history":[{"count":0,"href":"https:\/\/www.roemen.lu\/wp\/index.php?rest_route=\/wp\/v2\/posts\/27472\/revisions"}],"wp:featuredmedia":[{"embeddable":true,"href":"https:\/\/www.roemen.lu\/wp\/index.php?rest_route=\/wp\/v2\/media\/26675"}],"wp:attachment":[{"href":"https:\/\/www.roemen.lu\/wp\/index.php?rest_route=%2Fwp%2Fv2%2Fmedia&parent=27472"}],"wp:term":[{"taxonomy":"category","embeddable":true,"href":"https:\/\/www.roemen.lu\/wp\/index.php?rest_route=%2Fwp%2Fv2%2Fcategories&post=27472"},{"taxonomy":"post_tag","embeddable":true,"href":"https:\/\/www.roemen.lu\/wp\/index.php?rest_route=%2Fwp%2Fv2%2Ftags&post=27472"}],"curies":[{"name":"wp","href":"https:\/\/api.w.org\/{rel}","templated":true}]}}